{"id":9687,"date":"2018-05-20T07:10:51","date_gmt":"2018-05-20T05:10:51","guid":{"rendered":"http:\/\/www.kle-blatt.de\/blog\/?p=9687"},"modified":"2018-04-05T11:42:13","modified_gmt":"2018-04-05T09:42:13","slug":"die-neue-kaserne-von-kleve","status":"publish","type":"post","link":"https:\/\/www.kle-blatt.de\/blog\/kleve-in-foto-video\/die-neue-kaserne-von-kleve.html","title":{"rendered":"Die Neue Kaserne von Kleve"},"content":{"rendered":"<p><strong>Die Neue Kaserne von Kleve<\/strong><\/p>\n<p>Wir sehen sie hier auf der Brabanter Stra\u00dfe gegen\u00fcber des damals noch existierenden Parks.<br \/>\nIhr Bau war erforderlich geworden, da die &#8222;alte&#8220; Kaserne, die man 1864 auf dem Heideberg errichtet hatte, die immer gr\u00f6\u00dfer werdenden Kapazit\u00e4ten und Anspr\u00fcche nicht mehr bew\u00e4ltigen konnte.<\/p>\n<p><a href=\"http:\/\/www.kle-blatt.de\/blog\/wp-content\/uploads\/2014\/05\/001-kaserne.jpg\"><img loading=\"lazy\" decoding=\"async\" class=\"alignleft size-full wp-image-9688\" src=\"http:\/\/www.kle-blatt.de\/blog\/wp-content\/uploads\/2014\/05\/001-kaserne.jpg\" alt=\"Die Neue Kaserne von Kleve\" width=\"850\" height=\"488\" \/><\/a><\/p>\n","protected":false},"excerpt":{"rendered":"<p>Die Neue Kaserne von Kleve Wir sehen sie hier auf der Brabanter Stra\u00dfe gegen\u00fcber des damals noch existierenden Parks. Ihr &hellip; <a href=\"https:\/\/www.kle-blatt.de\/blog\/kleve-in-foto-video\/die-neue-kaserne-von-kleve.html\" class=\"more-link\"><span class=\"more-button\">Weiterlesen<span class=\"screen-reader-text\">Die Neue Kaserne von Kleve<\/span><\/span><\/a><\/p>\n","protected":false},"author":2,"featured_media":0,"comment_status":"open","ping_status":"closed","sticky":false,"template":"","format":"standard","meta":{"footnotes":""},"categories":[3],"tags":[2114],"class_list":["post-9687","post","type-post","status-publish","format-standard","hentry","category-kleve-in-foto-video","tag-die-kaserne-von-kleve"],"_links":{"self":[{"href":"https:\/\/www.kle-blatt.de\/blog\/wp-json\/wp\/v2\/posts\/9687","targetHints":{"allow":["GET"]}}],"collection":[{"href":"https:\/\/www.kle-blatt.de\/blog\/wp-json\/wp\/v2\/posts"}],"about":[{"href":"https:\/\/www.kle-blatt.de\/blog\/wp-json\/wp\/v2\/types\/post"}],"author":[{"embeddable":true,"href":"https:\/\/www.kle-blatt.de\/blog\/wp-json\/wp\/v2\/users\/2"}],"replies":[{"embeddable":true,"href":"https:\/\/www.kle-blatt.de\/blog\/wp-json\/wp\/v2\/comments?post=9687"}],"version-history":[{"count":0,"href":"https:\/\/www.kle-blatt.de\/blog\/wp-json\/wp\/v2\/posts\/9687\/revisions"}],"wp:attachment":[{"href":"https:\/\/www.kle-blatt.de\/blog\/wp-json\/wp\/v2\/media?parent=9687"}],"wp:term":[{"taxonomy":"category","embeddable":true,"href":"https:\/\/www.kle-blatt.de\/blog\/wp-json\/wp\/v2\/categories?post=9687"},{"taxonomy":"post_tag","embeddable":true,"href":"https:\/\/www.kle-blatt.de\/blog\/wp-json\/wp\/v2\/tags?post=9687"}],"curies":[{"name":"wp","href":"https:\/\/api.w.org\/{rel}","templated":true}]}}