{"id":9795,"date":"2023-05-08T07:10:36","date_gmt":"2023-05-08T05:10:36","guid":{"rendered":"http:\/\/www.kle-blatt.de\/blog\/?p=9795"},"modified":"2023-05-08T09:46:00","modified_gmt":"2023-05-08T07:46:00","slug":"die-kleine-lok-von-van-den-bergh","status":"publish","type":"post","link":"https:\/\/www.kle-blatt.de\/blog\/kleve-in-foto-video\/aus-dem-privatalbum\/die-kleine-lok-von-van-den-bergh.html","title":{"rendered":"Kanntest Du sie? Die kleine Lok von van-den-Bergh"},"content":{"rendered":"<p><strong>Kanntest Du sie? Die kleine Lok von van-den-Bergh<\/strong><\/p>\n<p>Viele kennen sie noch, wenn sie die damalige Kreuzhofstra\u00dfe dampfend und ger\u00e4uschvoll \u00fcberquerte. Die kleine gr\u00fcne Lok, die haupts\u00e4chlich im Verkehrsbereich der Margarinewerke van-den-Bergh zum Einsatz kam, geh\u00f6rte sicher zu den Schmuckst\u00fccken f\u00fcr interessierte Eisenbahner.<\/p>\n<p><a href=\"http:\/\/www.kle-blatt.de\/blog\/wp-content\/uploads\/2014\/05\/van-den-bergh-lok.jpg\"><img loading=\"lazy\" decoding=\"async\" class=\"size-full wp-image-9796 aligncenter\" src=\"http:\/\/www.kle-blatt.de\/blog\/wp-content\/uploads\/2014\/05\/van-den-bergh-lok.jpg\" alt=\"Kanntest Du sie? Die kleine Lok von van-den-Bergh\" width=\"850\" height=\"524\" \/><\/a><br \/>\n(Foto von: Duck &#8211; Hans-Wilhelm Heek)<\/p>\n","protected":false},"excerpt":{"rendered":"<p>Kanntest Du sie? Die kleine Lok von van-den-Bergh Viele kennen sie noch, wenn sie die damalige Kreuzhofstra\u00dfe dampfend und ger\u00e4uschvoll &hellip; <a href=\"https:\/\/www.kle-blatt.de\/blog\/kleve-in-foto-video\/aus-dem-privatalbum\/die-kleine-lok-von-van-den-bergh.html\" class=\"more-link\"><span class=\"more-button\">Weiterlesen<span class=\"screen-reader-text\">Kanntest Du sie? Die kleine Lok von van-den-Bergh<\/span><\/span><\/a><\/p>\n","protected":false},"author":2,"featured_media":9796,"comment_status":"open","ping_status":"closed","sticky":false,"template":"","format":"standard","meta":{"footnotes":""},"categories":[20],"tags":[2147],"class_list":["post-9795","post","type-post","status-publish","format-standard","has-post-thumbnail","hentry","category-aus-dem-privatalbum","tag-die-kleine-lok-von-van-den-bergh"],"_links":{"self":[{"href":"https:\/\/www.kle-blatt.de\/blog\/wp-json\/wp\/v2\/posts\/9795","targetHints":{"allow":["GET"]}}],"collection":[{"href":"https:\/\/www.kle-blatt.de\/blog\/wp-json\/wp\/v2\/posts"}],"about":[{"href":"https:\/\/www.kle-blatt.de\/blog\/wp-json\/wp\/v2\/types\/post"}],"author":[{"embeddable":true,"href":"https:\/\/www.kle-blatt.de\/blog\/wp-json\/wp\/v2\/users\/2"}],"replies":[{"embeddable":true,"href":"https:\/\/www.kle-blatt.de\/blog\/wp-json\/wp\/v2\/comments?post=9795"}],"version-history":[{"count":2,"href":"https:\/\/www.kle-blatt.de\/blog\/wp-json\/wp\/v2\/posts\/9795\/revisions"}],"predecessor-version":[{"id":32103,"href":"https:\/\/www.kle-blatt.de\/blog\/wp-json\/wp\/v2\/posts\/9795\/revisions\/32103"}],"wp:featuredmedia":[{"embeddable":true,"href":"https:\/\/www.kle-blatt.de\/blog\/wp-json\/wp\/v2\/media\/9796"}],"wp:attachment":[{"href":"https:\/\/www.kle-blatt.de\/blog\/wp-json\/wp\/v2\/media?parent=9795"}],"wp:term":[{"taxonomy":"category","embeddable":true,"href":"https:\/\/www.kle-blatt.de\/blog\/wp-json\/wp\/v2\/categories?post=9795"},{"taxonomy":"post_tag","embeddable":true,"href":"https:\/\/www.kle-blatt.de\/blog\/wp-json\/wp\/v2\/tags?post=9795"}],"curies":[{"name":"wp","href":"https:\/\/api.w.org\/{rel}","templated":true}]}}