{"id":9924,"date":"2021-06-26T06:10:30","date_gmt":"2021-06-26T04:10:30","guid":{"rendered":"http:\/\/www.kle-blatt.de\/blog\/?p=9924"},"modified":"2021-05-17T12:58:23","modified_gmt":"2021-05-17T10:58:23","slug":"die-platanen-auf-der-wasserburgallee","status":"publish","type":"post","link":"https:\/\/www.kle-blatt.de\/blog\/kleve-in-foto-video\/die-platanen-auf-der-wasserburgallee.html","title":{"rendered":"Die Platanen an der Wasserburgallee"},"content":{"rendered":"<p><strong>Die Platanen an der Wasserburgallee<\/strong><\/p>\n<p>Als dieses Bild Mitte der Siebziger Jahre entstand, wurden den dortigen Platanen keine gro\u00dfen \u00dcberlebenschancen einger\u00e4umt, wenn das hohe Verkehrsaufkommen an der Wasserburgallee nicht einged\u00e4mmt w\u00fcrde. Nach und nach wurde zun\u00e4chst der Bahnverkehr eingestellt und die Allee bekam Entlastung durch die Anbindung vom Landwehr an den Klever Ring.<br \/>\nAber selbst diese Ma\u00dfnahmen konnten nicht alle Platanen retten, denn vom 18. auf den 19. Januar 2007 schlug der Orkan Kyrill mit voller Macht zu und entwurzelte zahlreiche dieser riesigen gro\u00dfen B\u00e4ume, die damit eine Schneise der Verw\u00fcstung zeigten.<\/p>\n<p><a href=\"http:\/\/www.kle-blatt.de\/blog\/wp-content\/uploads\/2014\/05\/wasserburgallee-platanen-55.jpg\"><img loading=\"lazy\" decoding=\"async\" class=\"size-full wp-image-9925 aligncenter\" src=\"https:\/\/www.kle-blatt.de\/blog\/wp-content\/uploads\/2014\/05\/wasserburgallee-platanen-55.jpg\" alt=\"Die Platanen an der Wasserburgallee\" width=\"850\" height=\"1228\" \/><\/a><br \/>\n(Foto: &#8222;1977 im Kleverland&#8220; &#8211; G.Evers\/P.Janssen)<\/p>\n","protected":false},"excerpt":{"rendered":"<p>Die Platanen an der Wasserburgallee Als dieses Bild Mitte der Siebziger Jahre entstand, wurden den dortigen Platanen keine gro\u00dfen \u00dcberlebenschancen &hellip; <a href=\"https:\/\/www.kle-blatt.de\/blog\/kleve-in-foto-video\/die-platanen-auf-der-wasserburgallee.html\" class=\"more-link\"><span class=\"more-button\">Weiterlesen<span class=\"screen-reader-text\">Die Platanen an der Wasserburgallee<\/span><\/span><\/a><\/p>\n","protected":false},"author":2,"featured_media":9925,"comment_status":"open","ping_status":"closed","sticky":false,"template":"","format":"standard","meta":{"footnotes":""},"categories":[3],"tags":[2158],"class_list":["post-9924","post","type-post","status-publish","format-standard","has-post-thumbnail","hentry","category-kleve-in-foto-video","tag-die-platanen-auf-der-wasserburgallee"],"_links":{"self":[{"href":"https:\/\/www.kle-blatt.de\/blog\/wp-json\/wp\/v2\/posts\/9924","targetHints":{"allow":["GET"]}}],"collection":[{"href":"https:\/\/www.kle-blatt.de\/blog\/wp-json\/wp\/v2\/posts"}],"about":[{"href":"https:\/\/www.kle-blatt.de\/blog\/wp-json\/wp\/v2\/types\/post"}],"author":[{"embeddable":true,"href":"https:\/\/www.kle-blatt.de\/blog\/wp-json\/wp\/v2\/users\/2"}],"replies":[{"embeddable":true,"href":"https:\/\/www.kle-blatt.de\/blog\/wp-json\/wp\/v2\/comments?post=9924"}],"version-history":[{"count":2,"href":"https:\/\/www.kle-blatt.de\/blog\/wp-json\/wp\/v2\/posts\/9924\/revisions"}],"predecessor-version":[{"id":28799,"href":"https:\/\/www.kle-blatt.de\/blog\/wp-json\/wp\/v2\/posts\/9924\/revisions\/28799"}],"wp:featuredmedia":[{"embeddable":true,"href":"https:\/\/www.kle-blatt.de\/blog\/wp-json\/wp\/v2\/media\/9925"}],"wp:attachment":[{"href":"https:\/\/www.kle-blatt.de\/blog\/wp-json\/wp\/v2\/media?parent=9924"}],"wp:term":[{"taxonomy":"category","embeddable":true,"href":"https:\/\/www.kle-blatt.de\/blog\/wp-json\/wp\/v2\/categories?post=9924"},{"taxonomy":"post_tag","embeddable":true,"href":"https:\/\/www.kle-blatt.de\/blog\/wp-json\/wp\/v2\/tags?post=9924"}],"curies":[{"name":"wp","href":"https:\/\/api.w.org\/{rel}","templated":true}]}}