{"id":9930,"date":"2019-06-09T07:00:46","date_gmt":"2019-06-09T05:00:46","guid":{"rendered":"http:\/\/www.kle-blatt.de\/blog\/?p=9930"},"modified":"2019-05-20T17:51:37","modified_gmt":"2019-05-20T15:51:37","slug":"haus-beyerinck-als-kleve-noch-kein-kurhotel-hatte","status":"publish","type":"post","link":"https:\/\/www.kle-blatt.de\/blog\/kleve-in-foto-video\/haus-beyerinck-als-kleve-noch-kein-kurhotel-hatte.html","title":{"rendered":"Haus Beyerinck &#8211; Als Kleve noch kein Kurhotel hatte"},"content":{"rendered":"<p><strong>Haus Beyerinck &#8211; Als Kleve noch kein Kurhotel hatte<\/strong><\/p>\n<p>Wir sehen hier von links nach rechts das Haus Beyerinck, das B\u00e4derhaus und das Brunnenhaus im Tiergarten Mitte des 19. Jahrhunderts von J.Jelle.<br \/>\nSo sah es dort mal aus, bevor das Kurhotel mit dem Kaiser-Friedrichs-Bad entstand. Der Forstgarten war im Bereich B\u00e4ume und Pflanzen noch sehr \u00fcbersichtlich, aber die Sch\u00f6nheiten dieser Ecke von Kleve sind auch in dieser Zeit un\u00fcbersehbar.<br \/>\nInteressant sicherlich auch die Titel-Zeile des Bildes: &#8222;Cleve und Umgegend.&#8220; \ud83d\ude42<\/p>\n<p><a href=\"http:\/\/www.kle-blatt.de\/blog\/wp-content\/uploads\/2014\/05\/haus-beyerinck-108.jpg\"><img loading=\"lazy\" decoding=\"async\" class=\"alignleft size-full wp-image-9931\" src=\"http:\/\/www.kle-blatt.de\/blog\/wp-content\/uploads\/2014\/05\/haus-beyerinck-108.jpg\" alt=\"Haus Beyerinck - Als Kleve noch kein Kurhotel hatte\" width=\"849\" height=\"385\" \/><\/a><\/p>\n","protected":false},"excerpt":{"rendered":"<p>Haus Beyerinck &#8211; Als Kleve noch kein Kurhotel hatte Wir sehen hier von links nach rechts das Haus Beyerinck, das &hellip; <a href=\"https:\/\/www.kle-blatt.de\/blog\/kleve-in-foto-video\/haus-beyerinck-als-kleve-noch-kein-kurhotel-hatte.html\" class=\"more-link\"><span class=\"more-button\">Weiterlesen<span class=\"screen-reader-text\">Haus Beyerinck &#8211; Als Kleve noch kein Kurhotel hatte<\/span><\/span><\/a><\/p>\n","protected":false},"author":2,"featured_media":0,"comment_status":"open","ping_status":"closed","sticky":false,"template":"","format":"standard","meta":{"footnotes":""},"categories":[3],"tags":[2160],"class_list":["post-9930","post","type-post","status-publish","format-standard","hentry","category-kleve-in-foto-video","tag-haus-beyerinck-als-kleve-noch-kein-kurhotel-hatte"],"_links":{"self":[{"href":"https:\/\/www.kle-blatt.de\/blog\/wp-json\/wp\/v2\/posts\/9930","targetHints":{"allow":["GET"]}}],"collection":[{"href":"https:\/\/www.kle-blatt.de\/blog\/wp-json\/wp\/v2\/posts"}],"about":[{"href":"https:\/\/www.kle-blatt.de\/blog\/wp-json\/wp\/v2\/types\/post"}],"author":[{"embeddable":true,"href":"https:\/\/www.kle-blatt.de\/blog\/wp-json\/wp\/v2\/users\/2"}],"replies":[{"embeddable":true,"href":"https:\/\/www.kle-blatt.de\/blog\/wp-json\/wp\/v2\/comments?post=9930"}],"version-history":[{"count":0,"href":"https:\/\/www.kle-blatt.de\/blog\/wp-json\/wp\/v2\/posts\/9930\/revisions"}],"wp:attachment":[{"href":"https:\/\/www.kle-blatt.de\/blog\/wp-json\/wp\/v2\/media?parent=9930"}],"wp:term":[{"taxonomy":"category","embeddable":true,"href":"https:\/\/www.kle-blatt.de\/blog\/wp-json\/wp\/v2\/categories?post=9930"},{"taxonomy":"post_tag","embeddable":true,"href":"https:\/\/www.kle-blatt.de\/blog\/wp-json\/wp\/v2\/tags?post=9930"}],"curies":[{"name":"wp","href":"https:\/\/api.w.org\/{rel}","templated":true}]}}