{"id":9950,"date":"2025-06-05T06:30:25","date_gmt":"2025-06-05T04:30:25","guid":{"rendered":"http:\/\/www.kle-blatt.de\/blog\/?p=9950"},"modified":"2025-04-11T10:52:18","modified_gmt":"2025-04-11T08:52:18","slug":"wochenmarkt-an-der-lindenallee","status":"publish","type":"post","link":"https:\/\/www.kle-blatt.de\/blog\/kleve-in-foto-video\/wochenmarkt-an-der-lindenallee.html","title":{"rendered":"Wochenmarkt an der Lindenallee"},"content":{"rendered":"<p><strong>Wochenmarkt an der Lindenallee<\/strong><\/p>\n<p>Der Wochenmarkt an der Lindenallee in Kleve geh\u00f6rt seit Jahrzehnten zur festen Institution des Wirtschaftslebens. Was fr\u00fcher auf dem Gro\u00dfen Markt und dem Kleinen Markt &#8222;abging&#8220; wurde irgendwann auf den Platz an der Lindenallee verlagert.<br \/>\nNach wie vor ist der Markt nicht nur Quelle des Einkaufs an Lebensmitteln aus der Region, sondern er dient auch als Treffpunkt und Gespr\u00e4chsort f\u00fcr die Menschen. Obwohl &#8211; es hat den Anschein, als w\u00fcrde er immer weniger St\u00e4nde aufweisen.<br \/>\nHier sehen wir eine Aufnahme aus den Achtzigern, wie es damals dort zuging.<\/p>\n<p><a href=\"http:\/\/www.kle-blatt.de\/blog\/wp-content\/uploads\/2014\/05\/wochenmarkt-linde-85.jpg\"><img loading=\"lazy\" decoding=\"async\" class=\"size-full wp-image-9951 aligncenter\" src=\"https:\/\/www.kle-blatt.de\/blog\/wp-content\/uploads\/2014\/05\/wochenmarkt-linde-85.jpg\" alt=\"Wochenmarkt an der Lindenallee\" width=\"850\" height=\"567\" \/><\/a><br \/>\n(Foto: &#8222;Bilder unserer Stadt KLEVE&#8220; &#8211; W.Johannes-A.Puyn-E.Wirths)<\/p>\n","protected":false},"excerpt":{"rendered":"<p>Wochenmarkt an der Lindenallee Der Wochenmarkt an der Lindenallee in Kleve geh\u00f6rt seit Jahrzehnten zur festen Institution des Wirtschaftslebens. Was &hellip; <a href=\"https:\/\/www.kle-blatt.de\/blog\/kleve-in-foto-video\/wochenmarkt-an-der-lindenallee.html\" class=\"more-link\"><span class=\"more-button\">Weiterlesen<span class=\"screen-reader-text\">Wochenmarkt an der Lindenallee<\/span><\/span><\/a><\/p>\n","protected":false},"author":2,"featured_media":9951,"comment_status":"closed","ping_status":"closed","sticky":false,"template":"","format":"standard","meta":{"footnotes":""},"categories":[3],"tags":[2166],"class_list":["post-9950","post","type-post","status-publish","format-standard","has-post-thumbnail","hentry","category-kleve-in-foto-video","tag-wochenmarkt-an-der-lindenallee"],"_links":{"self":[{"href":"https:\/\/www.kle-blatt.de\/blog\/wp-json\/wp\/v2\/posts\/9950","targetHints":{"allow":["GET"]}}],"collection":[{"href":"https:\/\/www.kle-blatt.de\/blog\/wp-json\/wp\/v2\/posts"}],"about":[{"href":"https:\/\/www.kle-blatt.de\/blog\/wp-json\/wp\/v2\/types\/post"}],"author":[{"embeddable":true,"href":"https:\/\/www.kle-blatt.de\/blog\/wp-json\/wp\/v2\/users\/2"}],"replies":[{"embeddable":true,"href":"https:\/\/www.kle-blatt.de\/blog\/wp-json\/wp\/v2\/comments?post=9950"}],"version-history":[{"count":2,"href":"https:\/\/www.kle-blatt.de\/blog\/wp-json\/wp\/v2\/posts\/9950\/revisions"}],"predecessor-version":[{"id":35273,"href":"https:\/\/www.kle-blatt.de\/blog\/wp-json\/wp\/v2\/posts\/9950\/revisions\/35273"}],"wp:featuredmedia":[{"embeddable":true,"href":"https:\/\/www.kle-blatt.de\/blog\/wp-json\/wp\/v2\/media\/9951"}],"wp:attachment":[{"href":"https:\/\/www.kle-blatt.de\/blog\/wp-json\/wp\/v2\/media?parent=9950"}],"wp:term":[{"taxonomy":"category","embeddable":true,"href":"https:\/\/www.kle-blatt.de\/blog\/wp-json\/wp\/v2\/categories?post=9950"},{"taxonomy":"post_tag","embeddable":true,"href":"https:\/\/www.kle-blatt.de\/blog\/wp-json\/wp\/v2\/tags?post=9950"}],"curies":[{"name":"wp","href":"https:\/\/api.w.org\/{rel}","templated":true}]}}