{"id":9959,"date":"2021-06-24T06:30:48","date_gmt":"2021-06-24T04:30:48","guid":{"rendered":"http:\/\/www.kle-blatt.de\/blog\/?p=9959"},"modified":"2021-05-17T12:54:12","modified_gmt":"2021-05-17T10:54:12","slug":"die-alte-kaserne-von-kleve","status":"publish","type":"post","link":"https:\/\/www.kle-blatt.de\/blog\/kleve-in-foto-video\/die-alte-kaserne-von-kleve.html","title":{"rendered":"Bekannt? Die &#8222;Alte Kaserne&#8220; von Kleve"},"content":{"rendered":"<p><strong>Die &#8222;Alte Kaserne&#8220; von Kleve<\/strong><\/p>\n<p>Die &#8222;Alte Kaserne&#8220; von Kleve befand sich auf dem Heideberg und pr\u00e4gte mit ihrem m\u00e4chtigen Walmdach eine un\u00fcbersehbare Ansicht im Stadtbild.<br \/>\nDas III. Bataillon des Infanterieregiments &#8222;Vogel von Falckenstein&#8220; war hier bis zum Bau der &#8222;Neuen Kaserne&#8220; an der Brabanter Stra\u00dfe untergebracht. Im Jahre 1924, nach Abzug der Belgier aus Kleve, bezog die Stadtverwaltung das Geb\u00e4ude, wo zeitweise unter Anderem sogar Schulklassen unterrichtet wurden.<\/p>\n<p><a href=\"http:\/\/www.kle-blatt.de\/blog\/wp-content\/uploads\/2014\/05\/kaserne-109.jpg\"><img loading=\"lazy\" decoding=\"async\" class=\"size-full wp-image-9960 aligncenter\" src=\"https:\/\/www.kle-blatt.de\/blog\/wp-content\/uploads\/2014\/05\/kaserne-109.jpg\" alt=\"Bekannt? Die \" width=\"850\" height=\"564\" \/><\/a><br \/>\n(Mit freundlicher Genehmigung von Klaus Radermacher aus seinem Buch &#8222;Bad Cleve in Photographien um die Jahrhundertwende&#8220;)<\/p>\n","protected":false},"excerpt":{"rendered":"<p>Die &#8222;Alte Kaserne&#8220; von Kleve Die &#8222;Alte Kaserne&#8220; von Kleve befand sich auf dem Heideberg und pr\u00e4gte mit ihrem m\u00e4chtigen &hellip; <a href=\"https:\/\/www.kle-blatt.de\/blog\/kleve-in-foto-video\/die-alte-kaserne-von-kleve.html\" class=\"more-link\"><span class=\"more-button\">Weiterlesen<span class=\"screen-reader-text\">Bekannt? Die &#8222;Alte Kaserne&#8220; von Kleve<\/span><\/span><\/a><\/p>\n","protected":false},"author":2,"featured_media":9960,"comment_status":"open","ping_status":"closed","sticky":false,"template":"","format":"standard","meta":{"footnotes":""},"categories":[3],"tags":[2168],"class_list":["post-9959","post","type-post","status-publish","format-standard","has-post-thumbnail","hentry","category-kleve-in-foto-video","tag-die-alte-kaserne-von-kleve"],"_links":{"self":[{"href":"https:\/\/www.kle-blatt.de\/blog\/wp-json\/wp\/v2\/posts\/9959","targetHints":{"allow":["GET"]}}],"collection":[{"href":"https:\/\/www.kle-blatt.de\/blog\/wp-json\/wp\/v2\/posts"}],"about":[{"href":"https:\/\/www.kle-blatt.de\/blog\/wp-json\/wp\/v2\/types\/post"}],"author":[{"embeddable":true,"href":"https:\/\/www.kle-blatt.de\/blog\/wp-json\/wp\/v2\/users\/2"}],"replies":[{"embeddable":true,"href":"https:\/\/www.kle-blatt.de\/blog\/wp-json\/wp\/v2\/comments?post=9959"}],"version-history":[{"count":2,"href":"https:\/\/www.kle-blatt.de\/blog\/wp-json\/wp\/v2\/posts\/9959\/revisions"}],"predecessor-version":[{"id":28795,"href":"https:\/\/www.kle-blatt.de\/blog\/wp-json\/wp\/v2\/posts\/9959\/revisions\/28795"}],"wp:featuredmedia":[{"embeddable":true,"href":"https:\/\/www.kle-blatt.de\/blog\/wp-json\/wp\/v2\/media\/9960"}],"wp:attachment":[{"href":"https:\/\/www.kle-blatt.de\/blog\/wp-json\/wp\/v2\/media?parent=9959"}],"wp:term":[{"taxonomy":"category","embeddable":true,"href":"https:\/\/www.kle-blatt.de\/blog\/wp-json\/wp\/v2\/categories?post=9959"},{"taxonomy":"post_tag","embeddable":true,"href":"https:\/\/www.kle-blatt.de\/blog\/wp-json\/wp\/v2\/tags?post=9959"}],"curies":[{"name":"wp","href":"https:\/\/api.w.org\/{rel}","templated":true}]}}