{"id":9995,"date":"2025-06-13T06:00:10","date_gmt":"2025-06-13T04:00:10","guid":{"rendered":"http:\/\/www.kle-blatt.de\/blog\/?p=9995"},"modified":"2025-05-12T10:11:56","modified_gmt":"2025-05-12T08:11:56","slug":"ein-gewitter-zieht-auf-ueber-kleve","status":"publish","type":"post","link":"https:\/\/www.kle-blatt.de\/blog\/kleve-in-foto-video\/aus-dem-privatalbum\/ein-gewitter-zieht-auf-ueber-kleve.html","title":{"rendered":"Ein Gewitter zieht auf \u00fcber Kleve"},"content":{"rendered":"<p><strong>Ein Gewitter zieht auf \u00fcber Kleve<\/strong><\/p>\n<p>So sieht es aus, wenn \u00fcber Kleve ein Gewitter aufzieht mit dicken vollumin\u00f6sen Wolken, die nichts Gutes verhei\u00dfen. Aber das sind wir ja in der ein oder anderen Form in unserer Region gewohnt.<\/p>\n<p><a href=\"http:\/\/www.kle-blatt.de\/blog\/wp-content\/uploads\/2014\/05\/aprilwetter.jpg\"><img loading=\"lazy\" decoding=\"async\" class=\"size-full wp-image-9996 aligncenter\" src=\"https:\/\/www.kle-blatt.de\/blog\/wp-content\/uploads\/2014\/05\/aprilwetter.jpg\" alt=\"Ein Gewitter zieht auf \u00fcber Kleve\" width=\"850\" height=\"589\" \/><\/a><br \/>\n(Foto: Christian Flock)<\/p>\n","protected":false},"excerpt":{"rendered":"<p>Ein Gewitter zieht auf \u00fcber Kleve So sieht es aus, wenn \u00fcber Kleve ein Gewitter aufzieht mit dicken vollumin\u00f6sen Wolken, &hellip; <a href=\"https:\/\/www.kle-blatt.de\/blog\/kleve-in-foto-video\/aus-dem-privatalbum\/ein-gewitter-zieht-auf-ueber-kleve.html\" class=\"more-link\"><span class=\"more-button\">Weiterlesen<span class=\"screen-reader-text\">Ein Gewitter zieht auf \u00fcber Kleve<\/span><\/span><\/a><\/p>\n","protected":false},"author":2,"featured_media":9996,"comment_status":"closed","ping_status":"closed","sticky":false,"template":"","format":"standard","meta":{"footnotes":""},"categories":[20],"tags":[2178],"class_list":["post-9995","post","type-post","status-publish","format-standard","has-post-thumbnail","hentry","category-aus-dem-privatalbum","tag-ein-gewitter-zieht-auf-ueber-kleve"],"_links":{"self":[{"href":"https:\/\/www.kle-blatt.de\/blog\/wp-json\/wp\/v2\/posts\/9995","targetHints":{"allow":["GET"]}}],"collection":[{"href":"https:\/\/www.kle-blatt.de\/blog\/wp-json\/wp\/v2\/posts"}],"about":[{"href":"https:\/\/www.kle-blatt.de\/blog\/wp-json\/wp\/v2\/types\/post"}],"author":[{"embeddable":true,"href":"https:\/\/www.kle-blatt.de\/blog\/wp-json\/wp\/v2\/users\/2"}],"replies":[{"embeddable":true,"href":"https:\/\/www.kle-blatt.de\/blog\/wp-json\/wp\/v2\/comments?post=9995"}],"version-history":[{"count":2,"href":"https:\/\/www.kle-blatt.de\/blog\/wp-json\/wp\/v2\/posts\/9995\/revisions"}],"predecessor-version":[{"id":35362,"href":"https:\/\/www.kle-blatt.de\/blog\/wp-json\/wp\/v2\/posts\/9995\/revisions\/35362"}],"wp:featuredmedia":[{"embeddable":true,"href":"https:\/\/www.kle-blatt.de\/blog\/wp-json\/wp\/v2\/media\/9996"}],"wp:attachment":[{"href":"https:\/\/www.kle-blatt.de\/blog\/wp-json\/wp\/v2\/media?parent=9995"}],"wp:term":[{"taxonomy":"category","embeddable":true,"href":"https:\/\/www.kle-blatt.de\/blog\/wp-json\/wp\/v2\/categories?post=9995"},{"taxonomy":"post_tag","embeddable":true,"href":"https:\/\/www.kle-blatt.de\/blog\/wp-json\/wp\/v2\/tags?post=9995"}],"curies":[{"name":"wp","href":"https:\/\/api.w.org\/{rel}","templated":true}]}}