{"id":9998,"date":"2019-06-05T07:00:46","date_gmt":"2019-06-05T05:00:46","guid":{"rendered":"http:\/\/www.kle-blatt.de\/blog\/?p=9998"},"modified":"2019-05-20T16:48:20","modified_gmt":"2019-05-20T14:48:20","slug":"ein-pixel-gemaelde-von-kleve","status":"publish","type":"post","link":"https:\/\/www.kle-blatt.de\/blog\/kleve-in-foto-video\/aus-dem-privatalbum\/ein-pixel-gemaelde-von-kleve.html","title":{"rendered":"Ein Pixel-Gem\u00e4lde von Kleve"},"content":{"rendered":"<p><strong>Ein Pixel-Gem\u00e4lde von Kleve<\/strong><\/p>\n<p>Ein prachtvolles Bild, dass tats\u00e4chlich fotografiert wurde und nicht in \u00d6l verewigt, obwohl es fast den Anschein hat, dass es so ist.<br \/>\nEin gro\u00dfartiger Bild-Beweis, wie sch\u00f6n einige Aussichten in Kleve wirklich sind. Man k\u00f6nnte diesen Anblick spontan auf eine Ansichtskarte drucken. Viele St\u00e4dte sollten uns f\u00fcr solche wundervollen Eindr\u00fccke bewundern.<\/p>\n<p><a href=\"http:\/\/www.kle-blatt.de\/blog\/wp-content\/uploads\/2014\/05\/fotogem\u00e4lde.jpg\"><img loading=\"lazy\" decoding=\"async\" class=\"alignleft size-full wp-image-9999\" src=\"http:\/\/www.kle-blatt.de\/blog\/wp-content\/uploads\/2014\/05\/fotogem\u00e4lde.jpg\" alt=\"Ein Pixel-Gem\u00e4lde von Kleve\" width=\"850\" height=\"588\" \/><\/a><br \/>\n(Foto: Christian Flock)<\/p>\n","protected":false},"excerpt":{"rendered":"<p>Ein Pixel-Gem\u00e4lde von Kleve Ein prachtvolles Bild, dass tats\u00e4chlich fotografiert wurde und nicht in \u00d6l verewigt, obwohl es fast den &hellip; <a href=\"https:\/\/www.kle-blatt.de\/blog\/kleve-in-foto-video\/aus-dem-privatalbum\/ein-pixel-gemaelde-von-kleve.html\" class=\"more-link\"><span class=\"more-button\">Weiterlesen<span class=\"screen-reader-text\">Ein Pixel-Gem\u00e4lde von Kleve<\/span><\/span><\/a><\/p>\n","protected":false},"author":2,"featured_media":0,"comment_status":"open","ping_status":"closed","sticky":false,"template":"","format":"standard","meta":{"footnotes":""},"categories":[20,3],"tags":[2179],"class_list":["post-9998","post","type-post","status-publish","format-standard","hentry","category-aus-dem-privatalbum","category-kleve-in-foto-video","tag-ein-pixel-gemaelde-von-kleve"],"_links":{"self":[{"href":"https:\/\/www.kle-blatt.de\/blog\/wp-json\/wp\/v2\/posts\/9998","targetHints":{"allow":["GET"]}}],"collection":[{"href":"https:\/\/www.kle-blatt.de\/blog\/wp-json\/wp\/v2\/posts"}],"about":[{"href":"https:\/\/www.kle-blatt.de\/blog\/wp-json\/wp\/v2\/types\/post"}],"author":[{"embeddable":true,"href":"https:\/\/www.kle-blatt.de\/blog\/wp-json\/wp\/v2\/users\/2"}],"replies":[{"embeddable":true,"href":"https:\/\/www.kle-blatt.de\/blog\/wp-json\/wp\/v2\/comments?post=9998"}],"version-history":[{"count":0,"href":"https:\/\/www.kle-blatt.de\/blog\/wp-json\/wp\/v2\/posts\/9998\/revisions"}],"wp:attachment":[{"href":"https:\/\/www.kle-blatt.de\/blog\/wp-json\/wp\/v2\/media?parent=9998"}],"wp:term":[{"taxonomy":"category","embeddable":true,"href":"https:\/\/www.kle-blatt.de\/blog\/wp-json\/wp\/v2\/categories?post=9998"},{"taxonomy":"post_tag","embeddable":true,"href":"https:\/\/www.kle-blatt.de\/blog\/wp-json\/wp\/v2\/tags?post=9998"}],"curies":[{"name":"wp","href":"https:\/\/api.w.org\/{rel}","templated":true}]}}