{"id":5641,"count":1,"description":"","link":"https:\/\/www.kle-blatt.de\/blog\/tag\/schon-gewusst-die-kavarinerstrasse-wird-fussgaengerzone","name":"Schon gewusst? Die Kavarinerstra\u00dfe wird Fu\u00dfg\u00e4ngerzone","slug":"schon-gewusst-die-kavarinerstrasse-wird-fussgaengerzone","taxonomy":"post_tag","meta":[],"_links":{"self":[{"href":"https:\/\/www.kle-blatt.de\/blog\/wp-json\/wp\/v2\/tags\/5641","targetHints":{"allow":["GET"]}}],"collection":[{"href":"https:\/\/www.kle-blatt.de\/blog\/wp-json\/wp\/v2\/tags"}],"about":[{"href":"https:\/\/www.kle-blatt.de\/blog\/wp-json\/wp\/v2\/taxonomies\/post_tag"}],"wp:post_type":[{"href":"https:\/\/www.kle-blatt.de\/blog\/wp-json\/wp\/v2\/posts?tags=5641"}],"curies":[{"name":"wp","href":"https:\/\/api.w.org\/{rel}","templated":true}]}}