{"id":5816,"count":1,"description":"","link":"https:\/\/www.kle-blatt.de\/blog\/tag\/uebernachtung-fruehstueck-in-cleve-fuer-1","name":"\u00dcbernachtung + Fr\u00fchst\u00fcck in Cleve f\u00fcr 1","slug":"uebernachtung-fruehstueck-in-cleve-fuer-1","taxonomy":"post_tag","meta":[],"_links":{"self":[{"href":"https:\/\/www.kle-blatt.de\/blog\/wp-json\/wp\/v2\/tags\/5816","targetHints":{"allow":["GET"]}}],"collection":[{"href":"https:\/\/www.kle-blatt.de\/blog\/wp-json\/wp\/v2\/tags"}],"about":[{"href":"https:\/\/www.kle-blatt.de\/blog\/wp-json\/wp\/v2\/taxonomies\/post_tag"}],"wp:post_type":[{"href":"https:\/\/www.kle-blatt.de\/blog\/wp-json\/wp\/v2\/posts?tags=5816"}],"curies":[{"name":"wp","href":"https:\/\/api.w.org\/{rel}","templated":true}]}}